{"id":914,"date":"2017-07-16T21:24:02","date_gmt":"2017-07-16T19:24:02","guid":{"rendered":"http:\/\/localhost\/wordpress\/?p=914"},"modified":"2024-03-11T10:18:10","modified_gmt":"2024-03-11T09:18:10","slug":"universite-dete-au-nord-de-lallemagne-du-7-au-10-septembre-2017","status":"publish","type":"post","link":"https:\/\/www.pace-europe.eu\/es\/2017\/07\/16\/universite-dete-au-nord-de-lallemagne-du-7-au-10-septembre-2017\/","title":{"rendered":"(Deutsch) Sommeruniversit\u00e4t wird vom 7. bis 10. September 2017"},"content":{"rendered":"<p class=\"qtranxs-available-languages-message qtranxs-available-languages-message-es\">Disculpa, pero esta entrada est\u00e1 disponible s\u00f3lo en <a href=\"https:\/\/www.pace-europe.eu\/de\/wp-json\/wp\/v2\/posts\/914\" class=\"qtranxs-available-language-link qtranxs-available-language-link-de\" title=\"Deutsch\">Alem\u00e1n<\/a>, <a href=\"https:\/\/www.pace-europe.eu\/en\/wp-json\/wp\/v2\/posts\/914\" class=\"qtranxs-available-language-link qtranxs-available-language-link-en\" title=\"English\">Ingl\u00e9s Estadounidense<\/a>, <a href=\"https:\/\/www.pace-europe.eu\/fr\/wp-json\/wp\/v2\/posts\/914\" class=\"qtranxs-available-language-link qtranxs-available-language-link-fr\" title=\"Fran\u00e7ais\">Franc\u00e9s<\/a>, <a href=\"https:\/\/www.pace-europe.eu\/it\/wp-json\/wp\/v2\/posts\/914\" class=\"qtranxs-available-language-link qtranxs-available-language-link-it\" title=\"Italiano\">Italiano<\/a> y <a href=\"https:\/\/www.pace-europe.eu\/ro\/wp-json\/wp\/v2\/posts\/914\" class=\"qtranxs-available-language-link qtranxs-available-language-link-ro\" title=\"Rom\u00e2n\u0103\">Rumano<\/a>.<\/p>","protected":false},"excerpt":{"rendered":"<p>Disculpa, pero esta entrada est\u00e1 disponible s\u00f3lo en Alem\u00e1n, Ingl\u00e9s Estadounidense, Franc\u00e9s, Italiano y Rumano.<\/p>\n","protected":false},"author":4,"featured_media":0,"comment_status":"closed","ping_status":"open","sticky":false,"template":"","format":"standard","meta":{"footnotes":""},"categories":[1],"tags":[],"_links":{"self":[{"href":"https:\/\/www.pace-europe.eu\/es\/wp-json\/wp\/v2\/posts\/914"}],"collection":[{"href":"https:\/\/www.pace-europe.eu\/es\/wp-json\/wp\/v2\/posts"}],"about":[{"href":"https:\/\/www.pace-europe.eu\/es\/wp-json\/wp\/v2\/types\/post"}],"author":[{"embeddable":true,"href":"https:\/\/www.pace-europe.eu\/es\/wp-json\/wp\/v2\/users\/4"}],"replies":[{"embeddable":true,"href":"https:\/\/www.pace-europe.eu\/es\/wp-json\/wp\/v2\/comments?post=914"}],"version-history":[{"count":7,"href":"https:\/\/www.pace-europe.eu\/es\/wp-json\/wp\/v2\/posts\/914\/revisions"}],"predecessor-version":[{"id":1704,"href":"https:\/\/www.pace-europe.eu\/es\/wp-json\/wp\/v2\/posts\/914\/revisions\/1704"}],"wp:attachment":[{"href":"https:\/\/www.pace-europe.eu\/es\/wp-json\/wp\/v2\/media?parent=914"}],"wp:term":[{"taxonomy":"category","embeddable":true,"href":"https:\/\/www.pace-europe.eu\/es\/wp-json\/wp\/v2\/categories?post=914"},{"taxonomy":"post_tag","embeddable":true,"href":"https:\/\/www.pace-europe.eu\/es\/wp-json\/wp\/v2\/tags?post=914"}],"curies":[{"name":"wp","href":"https:\/\/api.w.org\/{rel}","templated":true}]}}