{"id":1112,"date":"2018-10-20T13:35:47","date_gmt":"2018-10-20T11:35:47","guid":{"rendered":"http:\/\/localhost\/wordpress\/?p=1112"},"modified":"2018-10-20T13:52:05","modified_gmt":"2018-10-20T11:52:05","slug":"pace-assemblee-generale-extraordinaire-berlin","status":"publish","type":"post","link":"https:\/\/www.pace-europe.eu\/de\/2018\/10\/20\/pace-assemblee-generale-extraordinaire-berlin\/","title":{"rendered":"PACE &#8211; Assembl\u00e9e G\u00e9n\u00e9rale BERLIN"},"content":{"rendered":"<p><a href=\"http:\/\/localhost\/wordpress\/wp-content\/uploads\/2018\/10\/Berlin-AG-2.png\"><img loading=\"lazy\" decoding=\"async\" class=\"alignnone wp-image-1125\" src=\"http:\/\/localhost\/wordpress\/wp-content\/uploads\/2018\/10\/Berlin-AG-2.png\" alt=\"Berlin AG\" width=\"636\" height=\"358\" srcset=\"https:\/\/www.pace-europe.eu\/wp-content\/uploads\/2018\/10\/Berlin-AG-2.png 560w, https:\/\/www.pace-europe.eu\/wp-content\/uploads\/2018\/10\/Berlin-AG-2-300x169.png 300w, https:\/\/www.pace-europe.eu\/wp-content\/uploads\/2018\/10\/Berlin-AG-2-391x220.png 391w\" sizes=\"(max-width: 636px) 100vw, 636px\" \/><\/a><\/p>\n<p>PACE wird am <strong>3. November<\/strong>, von 15 bis 18 Uhr, eine ausserordentliche <strong>Generalversammlung<\/strong> abhalten.<\/p>\n<p><strong>Adresse<\/strong> : Galerie FANTOM, Hektorstrasse 9\/10.<\/p>","protected":false},"excerpt":{"rendered":"<p>PACE wird am 3. November, von 15 bis 18 Uhr, eine ausserordentliche Generalversammlung abhalten. Adresse : Galerie FANTOM, Hektorstrasse 9\/10.<\/p>\n","protected":false},"author":4,"featured_media":0,"comment_status":"closed","ping_status":"closed","sticky":false,"template":"","format":"image","meta":{"footnotes":""},"categories":[1],"tags":[],"_links":{"self":[{"href":"https:\/\/www.pace-europe.eu\/de\/wp-json\/wp\/v2\/posts\/1112"}],"collection":[{"href":"https:\/\/www.pace-europe.eu\/de\/wp-json\/wp\/v2\/posts"}],"about":[{"href":"https:\/\/www.pace-europe.eu\/de\/wp-json\/wp\/v2\/types\/post"}],"author":[{"embeddable":true,"href":"https:\/\/www.pace-europe.eu\/de\/wp-json\/wp\/v2\/users\/4"}],"replies":[{"embeddable":true,"href":"https:\/\/www.pace-europe.eu\/de\/wp-json\/wp\/v2\/comments?post=1112"}],"version-history":[{"count":7,"href":"https:\/\/www.pace-europe.eu\/de\/wp-json\/wp\/v2\/posts\/1112\/revisions"}],"predecessor-version":[{"id":1130,"href":"https:\/\/www.pace-europe.eu\/de\/wp-json\/wp\/v2\/posts\/1112\/revisions\/1130"}],"wp:attachment":[{"href":"https:\/\/www.pace-europe.eu\/de\/wp-json\/wp\/v2\/media?parent=1112"}],"wp:term":[{"taxonomy":"category","embeddable":true,"href":"https:\/\/www.pace-europe.eu\/de\/wp-json\/wp\/v2\/categories?post=1112"},{"taxonomy":"post_tag","embeddable":true,"href":"https:\/\/www.pace-europe.eu\/de\/wp-json\/wp\/v2\/tags?post=1112"}],"curies":[{"name":"wp","href":"https:\/\/api.w.org\/{rel}","templated":true}]}}